{"id":7355,"date":"2015-05-15T10:00:13","date_gmt":"2015-05-15T08:00:13","guid":{"rendered":"http:\/\/www.conselharan.org\/?p=7355"},"modified":"2015-05-15T15:45:21","modified_gmt":"2015-05-15T13:45:21","slug":"la-accion-lets-clean-europe-recoge-unos-1200-kg-de-residuos","status":"publish","type":"post","link":"https:\/\/www.conselharan.org\/es\/la-accion-lets-clean-europe-recoge-unos-1200-kg-de-residuos\/","title":{"rendered":"La acci\u00f3n \u201cLet\u2019s Clean Europe\u201d recoge unos 1200 kg de residuos"},"content":{"rendered":"<p><a href=\"http:\/\/www.conselharan.org\/wp-content\/uploads\/2015\/05\/lets-clean_1.jpg\"><img loading=\"lazy\" decoding=\"async\" class=\"aligncenter size-large wp-image-7349\" src=\"http:\/\/www.conselharan.org\/wp-content\/uploads\/2015\/05\/lets-clean_1-1024x768.jpg\" alt=\"let's clean_1\" width=\"1024\" height=\"768\" srcset=\"https:\/\/www.conselharan.org\/wp-content\/uploads\/2015\/05\/lets-clean_1-1024x768.jpg 1024w, https:\/\/www.conselharan.org\/wp-content\/uploads\/2015\/05\/lets-clean_1-300x225.jpg 300w\" sizes=\"(max-width: 1024px) 100vw, 1024px\" \/><\/a><\/p>\n<p>El pasado domingo, el Conselh Generau d\u2019Aran se sum\u00f3 de nuevo a la acci\u00f3n \u201cLet\u2019s Clean Europe\u201d, una acci\u00f3n com\u00fan en toda Europa para concienciar sobre la cantidad de residuos que tiramos de forma incontrolada en la naturaleza y promover la recogida de estos residuos abocados ilegalmente en los bosques, m\u00e1rgenes de r\u00edos &#8230;<\/p>\n<p><a href=\"http:\/\/www.conselharan.org\/wp-content\/uploads\/2015\/05\/lets-clean_2\u00e7.jpg\"><img loading=\"lazy\" decoding=\"async\" class=\"aligncenter size-large wp-image-7350\" src=\"http:\/\/www.conselharan.org\/wp-content\/uploads\/2015\/05\/lets-clean_2\u00e7-1024x768.jpg\" alt=\"let's clean_2\u00e7\" width=\"1024\" height=\"768\" srcset=\"https:\/\/www.conselharan.org\/wp-content\/uploads\/2015\/05\/lets-clean_2\u00e7-1024x768.jpg 1024w, https:\/\/www.conselharan.org\/wp-content\/uploads\/2015\/05\/lets-clean_2\u00e7-300x225.jpg 300w\" sizes=\"(max-width: 1024px) 100vw, 1024px\" \/><\/a><\/p>\n<p>El Conselh Generau d\u2019Aran, a trav\u00e9s de su Departamento de Agricultura, Ganader\u00eda y Medio Natural, organiz\u00f3 con la colaboraci\u00f3n de la Agencia Catalana de Residuos una operaci\u00f3n de limpieza popular en el camino del Prado de la Canaula, en los m\u00e1rgenes del r\u00edo Garona (Pontaut), para sensibilizar en los temas medio ambientales, y m\u00e1s concretamente, sobre los problemas de los residuos y de la limpieza.<\/p>\n<p><a href=\"http:\/\/www.conselharan.org\/wp-content\/uploads\/2015\/05\/lets-clean_3.jpg\"><img loading=\"lazy\" decoding=\"async\" class=\"aligncenter size-large wp-image-7351\" src=\"http:\/\/www.conselharan.org\/wp-content\/uploads\/2015\/05\/lets-clean_3-1024x768.jpg\" alt=\"let's clean_3\" width=\"1024\" height=\"768\" srcset=\"https:\/\/www.conselharan.org\/wp-content\/uploads\/2015\/05\/lets-clean_3-1024x768.jpg 1024w, https:\/\/www.conselharan.org\/wp-content\/uploads\/2015\/05\/lets-clean_3-300x225.jpg 300w\" sizes=\"(max-width: 1024px) 100vw, 1024px\" \/><\/a><\/p>\n<p>Casi 30 participantes recogieron unos 1200 kg. Los residuos eran variados como ruedas, bidones,&#8230;<\/p>\n ","protected":false},"excerpt":{"rendered":"<p>El pasado domingo, el Conselh Generau d\u2019Aran se sum\u00f3 de nuevo a la acci\u00f3n \u201cLet\u2019s Clean Europe\u201d, una acci\u00f3n com\u00fan en toda Europa para concienciar sobre la cantidad de residuos que tiramos de forma incontrolada en la naturaleza y promover la recogida de estos residuos abocados ilegalmente en los bosques, m\u00e1rgenes de r\u00edos &#8230; El&#8230;<\/p>\n","protected":false},"author":2,"featured_media":7349,"comment_status":"closed","ping_status":"closed","sticky":false,"template":"","format":"standard","meta":{"footnotes":""},"categories":[30,34,37],"tags":[],"_links":{"self":[{"href":"https:\/\/www.conselharan.org\/es\/wp-json\/wp\/v2\/posts\/7355"}],"collection":[{"href":"https:\/\/www.conselharan.org\/es\/wp-json\/wp\/v2\/posts"}],"about":[{"href":"https:\/\/www.conselharan.org\/es\/wp-json\/wp\/v2\/types\/post"}],"author":[{"embeddable":true,"href":"https:\/\/www.conselharan.org\/es\/wp-json\/wp\/v2\/users\/2"}],"replies":[{"embeddable":true,"href":"https:\/\/www.conselharan.org\/es\/wp-json\/wp\/v2\/comments?post=7355"}],"version-history":[{"count":1,"href":"https:\/\/www.conselharan.org\/es\/wp-json\/wp\/v2\/posts\/7355\/revisions"}],"predecessor-version":[{"id":7356,"href":"https:\/\/www.conselharan.org\/es\/wp-json\/wp\/v2\/posts\/7355\/revisions\/7356"}],"wp:featuredmedia":[{"embeddable":true,"href":"https:\/\/www.conselharan.org\/es\/wp-json\/wp\/v2\/media\/7349"}],"wp:attachment":[{"href":"https:\/\/www.conselharan.org\/es\/wp-json\/wp\/v2\/media?parent=7355"}],"wp:term":[{"taxonomy":"category","embeddable":true,"href":"https:\/\/www.conselharan.org\/es\/wp-json\/wp\/v2\/categories?post=7355"},{"taxonomy":"post_tag","embeddable":true,"href":"https:\/\/www.conselharan.org\/es\/wp-json\/wp\/v2\/tags?post=7355"}],"curies":[{"name":"wp","href":"https:\/\/api.w.org\/{rel}","templated":true}]}}