{"id":7753,"date":"2015-07-24T15:54:56","date_gmt":"2015-07-24T13:54:56","guid":{"rendered":"http:\/\/www.conselharan.org\/22au-corsa-aran-per-sa-lengua-2\/"},"modified":"2015-07-24T15:54:56","modified_gmt":"2015-07-24T13:54:56","slug":"22au-corsa-aran-per-sa-lengua","status":"publish","type":"post","link":"https:\/\/www.conselharan.org\/es\/22au-corsa-aran-per-sa-lengua\/","title":{"rendered":"22au Corsa Aran per Sa Lengua"},"content":{"rendered":"<p>\u2022<strong> Aguest pr\u00f2pl\u00e8u dimenge, dia 26 de junhs\u00e8ga, se celebrar\u00e0 ua naua Corsa d\u2019Aran per sa Lengua qu\u2019artenh dej\u00e0 era 22au edicion.<\/strong><\/p>\n<p><strong>\u2022 Era corsa, organizada peth collectiu Lengua Viua, se celebre des der an 1993 ent\u00e0 def\u00e9ner era lengua aranesa e era identitat damb eth lema de Frederic Mistral &#8230; qui ten era lengua, ten era clau.<\/strong><\/p>\n<p><a href=\"http:\/\/www.conselharan.org\/wp-content\/uploads\/2015\/07\/ARAN-PER-SA-LENGUA_JORNALET.png\"><img loading=\"lazy\" decoding=\"async\" class=\"aligncenter size-full wp-image-7751\" src=\"http:\/\/www.conselharan.org\/wp-content\/uploads\/2015\/07\/ARAN-PER-SA-LENGUA_JORNALET.png\" alt=\"ARAN PER SA LENGUA_JORNALET\" width=\"803\" height=\"600\" srcset=\"https:\/\/www.conselharan.org\/wp-content\/uploads\/2015\/07\/ARAN-PER-SA-LENGUA_JORNALET.png 803w, https:\/\/www.conselharan.org\/wp-content\/uploads\/2015\/07\/ARAN-PER-SA-LENGUA_JORNALET-300x224.png 300w\" sizes=\"(max-width: 803px) 100vw, 803px\" \/><\/a><em>Imatge d&#8217;archiu dera arribada dera Corsa ena pla\u00e7a dera gl\u00e8isa de Vielha.\u00a0 Foto: JORNALET.<\/em><\/p>\n<p>&nbsp;<\/p>\n<p>Un viatge m\u00e8s es corredors e caminaires tornar\u00e0n a g\u00e9sser des de Montgarri, Tred\u00f2s, eth p\u00f2rt de Vielha e Les ent\u00e0 arribar, passades es ueit dera vrespada, ena pla\u00e7a dera gl\u00e8isa de Vielha.<\/p>\n<p>Es participants arriben en Vielha en tot carrejar es ter\u00e7ons, que permeter\u00e0n diboishar eth mapa d\u2019Aran ena pla\u00e7a dera gl\u00e8isa, e es drap\u00e8us que la guarnir\u00e0n. Pendent er acte, que compdar\u00e0 damb era pres\u00e9ncia deth sindic d\u2019Aran, <strong>Carlos Barrera<\/strong>, se lieger\u00e0 eth manif\u00e8st deth collectiu <strong>Lengua Viua<\/strong>, tostemp reivindicatiu d\u2019un m\u00e0ger usatge sociau dera lengua, e s\u2019autrejar\u00e0 eth pr\u00e8mi Lengua Viua, creat t\u00e0 vantar eth trabalh de persones, collectius o institucions en defensa der aran\u00e9s.<\/p>\n<p>Tanben s\u2019autrejar\u00e0 eth pr\u00e8mi ath dessenh dera samarreta escuelhut peth collectiu entre es que se i present\u00e8ren e que corresponec a <strong>Cristina Nart.<\/strong><\/p>\n<p>Coma ei tradicionau dej\u00e0, es samarretes dera Corsa se venen enes cub\u00e8rts der Ajuntament de Vielha de 19h00 a 21h00 ores.<\/p>\n<p>Era h\u00e8sta dera Corsa acabar\u00e0 damb un conc\u00e8rt ena pla\u00e7a dera gl\u00e8isa.<\/p>\n<p><strong>ORARI DERA CORSA ARAN PER SA LENGUA:<\/strong><\/p>\n<p>Gessuda liura t\u00e0 passar eth p\u00f2rt de Vielha e trobada des qu&#8217;ac agen h\u00e8t en prat de Tishineret t\u00e0s 19,30ores.<\/p>\n<p>&#8211; 12h00 Gessuda des de Les (en tot caminar)<br \/>\n&#8211; 12h00 Gessuda de Montgarri (en tot caminar)<br \/>\n&#8211; 12h50 Parada en Boss\u00f2st, pla\u00e7a dera gl\u00e8isa<br \/>\n&#8211; 14h30 Gessuda des de Tred\u00f2s ( en tot caminar)<br \/>\n&#8211; 15h00 Es B\u00f2rdes, minjar toti amassa, cadun morralet pr\u00f2pi.<br \/>\n&#8211; 15h00 Unha, minjar toti amassa, cadun morralet pr\u00f2pi<br \/>\n&#8211; 17h00 Gessuda d&#8217;Es B\u00f2rdes<br \/>\n&#8211; 17h00 Gessuda de Unha<br \/>\n&#8211; 17h00 Gessuda des de Montgarri (en tot c\u00f3rrer)<br \/>\n&#8211; 18h30 Gessuda d&#8217;Arties, pla\u00e7a Urtau<br \/>\n&#8211; 20h15 Arribada ena pla\u00e7a dera gl\u00e8isa de Vielha<\/p>\n<p>Parlaments. Autrejament pr\u00e8mi Lengua Viua<\/p>\n<p>&#8211; 20h00 Conc\u00e8rt<\/p>\n<p>Es oraris son orientatius.<\/p>\n ","protected":false},"excerpt":{"rendered":"<p>\u2022 Aguest pr\u00f2pl\u00e8u dimenge, dia 26 de junhs\u00e8ga, se celebrar\u00e0 ua naua Corsa d\u2019Aran per sa Lengua qu\u2019artenh dej\u00e0 era 22au edicion. \u2022 Era corsa, organizada peth collectiu Lengua Viua, se celebre des der an 1993 ent\u00e0 def\u00e9ner era lengua aranesa e era identitat damb eth lema de Frederic Mistral &#8230; qui ten era lengua,&#8230;<\/p>\n","protected":false},"author":2,"featured_media":7751,"comment_status":"closed","ping_status":"closed","sticky":false,"template":"","format":"standard","meta":{"footnotes":""},"categories":[30,34,37],"tags":[],"_links":{"self":[{"href":"https:\/\/www.conselharan.org\/es\/wp-json\/wp\/v2\/posts\/7753"}],"collection":[{"href":"https:\/\/www.conselharan.org\/es\/wp-json\/wp\/v2\/posts"}],"about":[{"href":"https:\/\/www.conselharan.org\/es\/wp-json\/wp\/v2\/types\/post"}],"author":[{"embeddable":true,"href":"https:\/\/www.conselharan.org\/es\/wp-json\/wp\/v2\/users\/2"}],"replies":[{"embeddable":true,"href":"https:\/\/www.conselharan.org\/es\/wp-json\/wp\/v2\/comments?post=7753"}],"version-history":[{"count":0,"href":"https:\/\/www.conselharan.org\/es\/wp-json\/wp\/v2\/posts\/7753\/revisions"}],"wp:featuredmedia":[{"embeddable":true,"href":"https:\/\/www.conselharan.org\/es\/wp-json\/wp\/v2\/media\/7751"}],"wp:attachment":[{"href":"https:\/\/www.conselharan.org\/es\/wp-json\/wp\/v2\/media?parent=7753"}],"wp:term":[{"taxonomy":"category","embeddable":true,"href":"https:\/\/www.conselharan.org\/es\/wp-json\/wp\/v2\/categories?post=7753"},{"taxonomy":"post_tag","embeddable":true,"href":"https:\/\/www.conselharan.org\/es\/wp-json\/wp\/v2\/tags?post=7753"}],"curies":[{"name":"wp","href":"https:\/\/api.w.org\/{rel}","templated":true}]}}