{"id":8045,"date":"2015-08-15T08:00:40","date_gmt":"2015-08-15T06:00:40","guid":{"rendered":"http:\/\/www.conselharan.org\/es\/?p=8045"},"modified":"2015-08-14T14:54:23","modified_gmt":"2015-08-14T12:54:23","slug":"del-17-al-20-de-agosto-la-val-daran-celebra-una-nueva-edicion-de-la-feria-comercial-aran-market-en-vielha","status":"publish","type":"post","link":"https:\/\/www.conselharan.org\/es\/del-17-al-20-de-agosto-la-val-daran-celebra-una-nueva-edicion-de-la-feria-comercial-aran-market-en-vielha\/","title":{"rendered":"Del 17 al 20 de agosto la Val d\u2019Aran celebra una nueva edici\u00f3n de la feria comercial \u201cAran Market\u201d en Vielha"},"content":{"rendered":"<p>\u2022 <strong>Una quincena de establecimientos araneses expondr\u00e1n sus productos en la feria<\/strong><\/p>\n<p><strong>\u2022 Tambi\u00e9n se realizar\u00e1n diferentes talleres a cargo de artesanos araneses<\/strong><\/p>\n<p><a href=\"http:\/\/www.conselharan.org\/wp-content\/uploads\/2015\/08\/IMAGE_AranMarket.jpg\"><img loading=\"lazy\" decoding=\"async\" class=\"aligncenter size-full wp-image-8040\" src=\"http:\/\/www.conselharan.org\/wp-content\/uploads\/2015\/08\/IMAGE_AranMarket.jpg\" alt=\"IMAGE_AranMarket\" width=\"555\" height=\"521\" srcset=\"https:\/\/www.conselharan.org\/wp-content\/uploads\/2015\/08\/IMAGE_AranMarket.jpg 555w, https:\/\/www.conselharan.org\/wp-content\/uploads\/2015\/08\/IMAGE_AranMarket-300x282.jpg 300w\" sizes=\"(max-width: 555px) 100vw, 555px\" \/><\/a><\/p>\n<p>El Conselh Generau d\u2019Aran organiza una nueva edici\u00f3n de la feria \u201c<strong>Aran Market\u201d<\/strong>, que tendr\u00e1 lugar en Vielha del 17 al 20 de agosto. La feria pretende promover los diferentes productos de los comerciantes de la Val d\u2019Aran.<\/p>\n<p>Una quincena de establecimientos sacar\u00e1n a la calle sus productos para dar a conocer la extensa variedad que ofrece el comercio aran\u00e9s. En este sentido, habr\u00e1 comerciantes de ropa, alimentaci\u00f3n, souvenirs, complementos, decoraci\u00f3n as\u00ed como la presencia de varios artesanos.<\/p>\n<p><strong>\u201cAran Market es un acontecimiento que lleva ya varios a\u00f1os en marcha, y que cada a\u00f1o consigue atraer la atenci\u00f3n de bastantes visitantes. As\u00ed, se potencia el comercio aran\u00e9s, con la presencia de visitantes a lo largo de las diferentes jornadas que dura la feria\u201d<\/strong>, comenta la conselh\u00e8ra de Turismo y Desarrollo Econ\u00f3mico de Aran, <strong>Anna D\u00edaz.<\/strong><\/p>\n<p>Pendiente los tres d\u00edas de la feria habr\u00e1 stands donde se vender\u00e1n los productos. Adem\u00e1s, tambi\u00e9n se realizar\u00e1n diferentes talleres de artesan\u00eda y de textil llevados a cabo por artesanos araneses.<\/p>\n<p><strong>El horario de Aran Market ser\u00e1 de 11h00 a 21h00 ininterrumpidamente.<\/strong><\/p>\n<p>&nbsp;<\/p>\n<p><strong>TALLERES DE ARAN MARKET<\/strong><\/p>\n<p><strong>Martes 18 de agosto:<\/strong><\/p>\n<p>\u2022 De 17h30 a 19h00:<\/p>\n<p>Taller de modelado con barro polim\u00e9rico a cargo de N\u00faria Ninyerola<\/p>\n<p>\u00a1Hagamos un tamp\u00f3n!, a cargo de Al\u00edcia Medianos<\/p>\n<p>&nbsp;<\/p>\n<p><strong>Mi\u00e9rcoles 19 de agosto:<\/strong><\/p>\n<p>\u2022 De 17h30 a 19h00:<\/p>\n<p>Taller de bombas y sales de ba\u00f1o a cargo de Sabons Care\u00e7a<\/p>\n<p>Taller de llaveros y brazaletes de macram\u00e9, a cargo de Baobab artesan\u00eda<\/p>\n<p>&nbsp;<\/p>\n<p><strong>Jueves 20 de agosto<\/strong><\/p>\n<p>\u2022 De 17h30 a 19h00:<\/p>\n<p>Maquillaje Infantil a cargo de Kristina Nart<\/p>\n ","protected":false},"excerpt":{"rendered":"<p>\u2022 Una quincena de establecimientos araneses expondr\u00e1n sus productos en la feria \u2022 Tambi\u00e9n se realizar\u00e1n diferentes talleres a cargo de artesanos araneses El Conselh Generau d\u2019Aran organiza una nueva edici\u00f3n de la feria \u201cAran Market\u201d, que tendr\u00e1 lugar en Vielha del 17 al 20 de agosto. La feria pretende promover los diferentes productos de&#8230;<\/p>\n","protected":false},"author":2,"featured_media":8040,"comment_status":"closed","ping_status":"closed","sticky":false,"template":"","format":"standard","meta":{"footnotes":""},"categories":[30,34,37],"tags":[],"_links":{"self":[{"href":"https:\/\/www.conselharan.org\/es\/wp-json\/wp\/v2\/posts\/8045"}],"collection":[{"href":"https:\/\/www.conselharan.org\/es\/wp-json\/wp\/v2\/posts"}],"about":[{"href":"https:\/\/www.conselharan.org\/es\/wp-json\/wp\/v2\/types\/post"}],"author":[{"embeddable":true,"href":"https:\/\/www.conselharan.org\/es\/wp-json\/wp\/v2\/users\/2"}],"replies":[{"embeddable":true,"href":"https:\/\/www.conselharan.org\/es\/wp-json\/wp\/v2\/comments?post=8045"}],"version-history":[{"count":1,"href":"https:\/\/www.conselharan.org\/es\/wp-json\/wp\/v2\/posts\/8045\/revisions"}],"predecessor-version":[{"id":8046,"href":"https:\/\/www.conselharan.org\/es\/wp-json\/wp\/v2\/posts\/8045\/revisions\/8046"}],"wp:featuredmedia":[{"embeddable":true,"href":"https:\/\/www.conselharan.org\/es\/wp-json\/wp\/v2\/media\/8040"}],"wp:attachment":[{"href":"https:\/\/www.conselharan.org\/es\/wp-json\/wp\/v2\/media?parent=8045"}],"wp:term":[{"taxonomy":"category","embeddable":true,"href":"https:\/\/www.conselharan.org\/es\/wp-json\/wp\/v2\/categories?post=8045"},{"taxonomy":"post_tag","embeddable":true,"href":"https:\/\/www.conselharan.org\/es\/wp-json\/wp\/v2\/tags?post=8045"}],"curies":[{"name":"wp","href":"https:\/\/api.w.org\/{rel}","templated":true}]}}