{"id":8080,"date":"2015-08-17T18:00:35","date_gmt":"2015-08-17T16:00:35","guid":{"rendered":"http:\/\/www.conselharan.org\/es\/?p=8080"},"modified":"2015-08-18T10:15:36","modified_gmt":"2015-08-18T08:15:36","slug":"nueva-edicion-de-la-feria-comercial-aran-market-en-vielha-a-partir-de-hoy-hasta-el-jueves-20-de-agosto","status":"publish","type":"post","link":"https:\/\/www.conselharan.org\/es\/nueva-edicion-de-la-feria-comercial-aran-market-en-vielha-a-partir-de-hoy-hasta-el-jueves-20-de-agosto\/","title":{"rendered":"Nueva edici\u00f3n de la feria comercial \u201cAran Market\u201d en Vielha a partir de hoy hasta el jueves 20 de agosto"},"content":{"rendered":"<p>\u2022 <strong>Un total de 15 establecimientos araneses exponen sus productos en la feria<\/strong><\/p>\n<p><strong>\u2022 Se realizar\u00e1n diferentes talleres a cargo de artesanos araneses<\/strong><\/p>\n<p><a href=\"http:\/\/www.conselharan.org\/wp-content\/uploads\/2015\/08\/aran-market_2015_1.jpg\"><img loading=\"lazy\" decoding=\"async\" class=\"aligncenter size-large wp-image-8082\" src=\"http:\/\/www.conselharan.org\/wp-content\/uploads\/2015\/08\/aran-market_2015_1-1024x687.jpg\" alt=\"aran market_2015_1\" width=\"1024\" height=\"687\" srcset=\"https:\/\/www.conselharan.org\/wp-content\/uploads\/2015\/08\/aran-market_2015_1-1024x687.jpg 1024w, https:\/\/www.conselharan.org\/wp-content\/uploads\/2015\/08\/aran-market_2015_1-300x201.jpg 300w\" sizes=\"(max-width: 1024px) 100vw, 1024px\" \/><\/a> <em>Era conselh\u00e8ra de Torisme e Desvolopament Economic, Anna D\u00edaz e er alcalde de Vielha e Mijaran, Juan A. Serrano, au\u00e9 pendent era inauguracion d\u2019Aran Market.<\/em><\/p>\n<p>&nbsp;<\/p>\n<p>El Conselh Generau d\u2019Aran ha organizado una nueva edici\u00f3n de la feria \u201cAran Market\u201d, que tendr\u00e1 lugar en Vielha a partir de hoy lunes hasta el 20 de agosto. La feria pretende promocionar los diferentes productos de los comerciantes de la Val d\u2019Aran.<\/p>\n<p>Un total de 15 establecimientos han sacado a la calle sus productos para dar a conocer la extensa variedad que ofrece el comercio aran\u00e9s. En este sentido, habr\u00e1 comerciantes de ropa, alimentaci\u00f3n, souvenirs, complementos, decoraci\u00f3n,\u2026<\/p>\n<p><a href=\"http:\/\/www.conselharan.org\/wp-content\/uploads\/2015\/08\/aran-market_20151.jpg\"><img loading=\"lazy\" decoding=\"async\" class=\"aligncenter size-large wp-image-8091\" src=\"http:\/\/www.conselharan.org\/wp-content\/uploads\/2015\/08\/aran-market_20151-1024x611.jpg\" alt=\"aran market_2015\" width=\"1024\" height=\"611\" srcset=\"https:\/\/www.conselharan.org\/wp-content\/uploads\/2015\/08\/aran-market_20151-1024x611.jpg 1024w, https:\/\/www.conselharan.org\/wp-content\/uploads\/2015\/08\/aran-market_20151-300x179.jpg 300w\" sizes=\"(max-width: 1024px) 100vw, 1024px\" \/><\/a><em>Brindant: era conselh\u00e8ra de Torisme e Desvolopament Economic, Anna D\u00edaz, er alcalde de Vielha e Mijaran, Juan A. Serrano, e era tecnic de Com\u00e8r\u00e7 e Torisme d\u2019Aran, Montse Vil\u00f3.<\/em><\/p>\n<p>&nbsp;<\/p>\n<p><strong>\u201cAran Market es un evento que lleva ya varios a\u00f1os en marcha, y que cada a\u00f1o consigue atraer la atenci\u00f3n de muchos visitantes. De esta manera, se potencia el comercio aran\u00e9s, con la presencia de visitantes a lo largo de las diferentes jornadas que dura la feria\u201d,<\/strong> ha comentado hoy durante la inauguraci\u00f3n de Aran Market la conselh\u00e8ra de Turismo y Desarrollo Econ\u00f3mico,<strong> Anna D\u00edaz.<\/strong><\/p>\n<p>Durante los tres d\u00edas de la feria habr\u00e1 stands donde se vender\u00e1n los productos. Adem\u00e1s, tambi\u00e9n se realizar\u00e1n diferentes talleres de artesan\u00eda y de textil llevados a cabo por artesanos araneses.<\/p>\n<p><em><strong>El horario de Aran Market ser\u00e1 de 11h00 a 21h00 ininterrumpidamente.<\/strong><\/em><\/p>\n<p>&nbsp;<\/p>\n<p><strong>TALLERES DE ARAN MARKET<\/strong><\/p>\n<p><strong>Martes 18 de agosto:<\/strong><\/p>\n<p>\u2022 De 17h30 a 19h00:<\/p>\n<p>Taller de modelado con barro polim\u00e9rico a cargo de N\u00faria Ninyerola<\/p>\n<p>\u00a1Hagamos un tamp\u00f3n!, a cargo de Al\u00edcia Medianos<\/p>\n<p><strong>Mi\u00e9rcoles 19 de agosto:<\/strong><\/p>\n<p>\u2022 De 17h30 a 19h00:<\/p>\n<p>Taller de bombas y sales de ba\u00f1o a cargo de Sabons Care\u00e7a<\/p>\n<p>Taller de llaveros y brazaletes de macram\u00e9, a cargo de Baobab artesan\u00eda<\/p>\n<p><strong>Jueves 20 de agosto<\/strong><\/p>\n<p>\u2022 De 17h30 a 19h00:<\/p>\n<p>Maquillaje Infantil a cargo de Kristina Nart<\/p>\n ","protected":false},"excerpt":{"rendered":"<p>\u2022 Un total de 15 establecimientos araneses exponen sus productos en la feria \u2022 Se realizar\u00e1n diferentes talleres a cargo de artesanos araneses Era conselh\u00e8ra de Torisme e Desvolopament Economic, Anna D\u00edaz e er alcalde de Vielha e Mijaran, Juan A. Serrano, au\u00e9 pendent era inauguracion d\u2019Aran Market. &nbsp; El Conselh Generau d\u2019Aran ha organizado&#8230;<\/p>\n","protected":false},"author":2,"featured_media":8082,"comment_status":"closed","ping_status":"closed","sticky":false,"template":"","format":"standard","meta":{"footnotes":""},"categories":[30,34,37],"tags":[],"_links":{"self":[{"href":"https:\/\/www.conselharan.org\/es\/wp-json\/wp\/v2\/posts\/8080"}],"collection":[{"href":"https:\/\/www.conselharan.org\/es\/wp-json\/wp\/v2\/posts"}],"about":[{"href":"https:\/\/www.conselharan.org\/es\/wp-json\/wp\/v2\/types\/post"}],"author":[{"embeddable":true,"href":"https:\/\/www.conselharan.org\/es\/wp-json\/wp\/v2\/users\/2"}],"replies":[{"embeddable":true,"href":"https:\/\/www.conselharan.org\/es\/wp-json\/wp\/v2\/comments?post=8080"}],"version-history":[{"count":4,"href":"https:\/\/www.conselharan.org\/es\/wp-json\/wp\/v2\/posts\/8080\/revisions"}],"predecessor-version":[{"id":8094,"href":"https:\/\/www.conselharan.org\/es\/wp-json\/wp\/v2\/posts\/8080\/revisions\/8094"}],"wp:featuredmedia":[{"embeddable":true,"href":"https:\/\/www.conselharan.org\/es\/wp-json\/wp\/v2\/media\/8082"}],"wp:attachment":[{"href":"https:\/\/www.conselharan.org\/es\/wp-json\/wp\/v2\/media?parent=8080"}],"wp:term":[{"taxonomy":"category","embeddable":true,"href":"https:\/\/www.conselharan.org\/es\/wp-json\/wp\/v2\/categories?post=8080"},{"taxonomy":"post_tag","embeddable":true,"href":"https:\/\/www.conselharan.org\/es\/wp-json\/wp\/v2\/tags?post=8080"}],"curies":[{"name":"wp","href":"https:\/\/api.w.org\/{rel}","templated":true}]}}