{"id":8098,"date":"2015-08-20T10:38:26","date_gmt":"2015-08-20T08:38:26","guid":{"rendered":"http:\/\/www.conselharan.org\/es\/presentacion-era-roda-non-stop\/"},"modified":"2015-08-20T10:38:47","modified_gmt":"2015-08-20T08:38:47","slug":"presentacion-era-roda-non-stop","status":"publish","type":"post","link":"https:\/\/www.conselharan.org\/es\/presentacion-era-roda-non-stop\/","title":{"rendered":"PRESENTACION \u00abERA RODA NON STOP\u00bb"},"content":{"rendered":"<ul>\n<li><strong>Deman diuendres, dia 21 d\u2019agost, se presentar\u00e0 \u201cERA RODA NON STOP\u201d (pr\u00f2va de mountain bike damb 160Km qu\u2019aur\u00e0 l\u00f2c eth 5 de seteme)<\/strong><\/li>\n<\/ul>\n<p><a href=\"http:\/\/www.conselharan.org\/wp-content\/uploads\/2015\/08\/ERA-RODA.jpg\"><img loading=\"lazy\" decoding=\"async\" class=\"aligncenter size-full wp-image-8096\" src=\"http:\/\/www.conselharan.org\/wp-content\/uploads\/2015\/08\/ERA-RODA.jpg\" alt=\"ERA RODA\" width=\"740\" height=\"492\" srcset=\"https:\/\/www.conselharan.org\/wp-content\/uploads\/2015\/08\/ERA-RODA.jpg 740w, https:\/\/www.conselharan.org\/wp-content\/uploads\/2015\/08\/ERA-RODA-300x199.jpg 300w\" sizes=\"(max-width: 740px) 100vw, 740px\" \/><\/a><em>Foto: ERA RODA NON STOP<\/em><\/p>\n<p>&nbsp;<\/p>\n<p>Er acte compdar\u00e0 damb era pres\u00e9ncia dera conselh\u00e8ra de Torisme e Desvolopament Economic d\u2019Aran, <strong>Anna D\u00edaz,<\/strong> der administrador gerent d\u2019<em>Exciting Pyrenees<\/em>, <strong>Francesc Comas<\/strong>, deth coordinador responsable d\u2019 <em>\u201cEra Roda Non Stop<\/em>\u201d, <strong>Marc Puig<\/strong>, dera responsable de <em>Copos Bike<\/em>, <strong>Silvia Monge,<\/strong> e deth <em>Club Atletic Val d\u2019Aran<\/em>, <strong>Marc Cuny.<\/strong><\/p>\n<p><strong>Era presentacion \u201cERA RODA NON STOP\u201d aur\u00e0 l\u00f2c deman diuendres, dia 21 d\u2019agost, ent\u00e0s 19:00 ores, ena Sala de Premsa deth Conselh Generau d\u2019Aran. Vielha.<\/strong><\/p>\n<p>M\u00e8s informacion e inscripcions en: <strong><a href=\"http:\/\/www.erarodanonstop.com\" target=\"_blank\">www.erarodanonstop.com<\/a><\/strong><\/p>\n<p>&nbsp;<\/p>\n ","protected":false},"excerpt":{"rendered":"<p>Deman diuendres, dia 21 d\u2019agost, se presentar\u00e0 \u201cERA RODA NON STOP\u201d (pr\u00f2va de mountain bike damb 160Km qu\u2019aur\u00e0 l\u00f2c eth 5 de seteme) Foto: ERA RODA NON STOP &nbsp; Er acte compdar\u00e0 damb era pres\u00e9ncia dera conselh\u00e8ra de Torisme e Desvolopament Economic d\u2019Aran, Anna D\u00edaz, der administrador gerent d\u2019Exciting Pyrenees, Francesc Comas, deth coordinador responsable&#8230;<\/p>\n","protected":false},"author":2,"featured_media":0,"comment_status":"closed","ping_status":"closed","sticky":false,"template":"","format":"standard","meta":{"footnotes":""},"categories":[30,34,37],"tags":[],"_links":{"self":[{"href":"https:\/\/www.conselharan.org\/es\/wp-json\/wp\/v2\/posts\/8098"}],"collection":[{"href":"https:\/\/www.conselharan.org\/es\/wp-json\/wp\/v2\/posts"}],"about":[{"href":"https:\/\/www.conselharan.org\/es\/wp-json\/wp\/v2\/types\/post"}],"author":[{"embeddable":true,"href":"https:\/\/www.conselharan.org\/es\/wp-json\/wp\/v2\/users\/2"}],"replies":[{"embeddable":true,"href":"https:\/\/www.conselharan.org\/es\/wp-json\/wp\/v2\/comments?post=8098"}],"version-history":[{"count":1,"href":"https:\/\/www.conselharan.org\/es\/wp-json\/wp\/v2\/posts\/8098\/revisions"}],"predecessor-version":[{"id":8100,"href":"https:\/\/www.conselharan.org\/es\/wp-json\/wp\/v2\/posts\/8098\/revisions\/8100"}],"wp:attachment":[{"href":"https:\/\/www.conselharan.org\/es\/wp-json\/wp\/v2\/media?parent=8098"}],"wp:term":[{"taxonomy":"category","embeddable":true,"href":"https:\/\/www.conselharan.org\/es\/wp-json\/wp\/v2\/categories?post=8098"},{"taxonomy":"post_tag","embeddable":true,"href":"https:\/\/www.conselharan.org\/es\/wp-json\/wp\/v2\/tags?post=8098"}],"curies":[{"name":"wp","href":"https:\/\/api.w.org\/{rel}","templated":true}]}}