{"id":8358,"date":"2015-09-30T15:15:55","date_gmt":"2015-09-30T13:15:55","guid":{"rendered":"http:\/\/www.conselharan.org\/es\/eth-govern-aranes-amassa-damb-es-servicis-juridics-dera-generalitat-defenen-es-interessi-dera-val-daran-deuant-dera-administracion-generau-der-estat\/"},"modified":"2015-09-30T15:15:55","modified_gmt":"2015-09-30T13:15:55","slug":"eth-govern-aranes-amassa-damb-es-servicis-juridics-dera-generalitat-defenen-es-interessi-dera-val-daran-deuant-dera-administracion-generau-der-estat","status":"publish","type":"post","link":"https:\/\/www.conselharan.org\/es\/eth-govern-aranes-amassa-damb-es-servicis-juridics-dera-generalitat-defenen-es-interessi-dera-val-daran-deuant-dera-administracion-generau-der-estat\/","title":{"rendered":"Eth Gov\u00e8rn aran\u00e9s amassa damb es Servicis Juridics dera Generalitat defenen es inter\u00e8ssi dera Val d\u2019Aran deuant dera Administracion Generau der Estat"},"content":{"rendered":"<p><a href=\"http:\/\/www.conselharan.org\/wp-content\/uploads\/2015\/09\/LEI-DARAN_SINDIC.jpg\"><img loading=\"lazy\" decoding=\"async\" class=\"aligncenter size-full wp-image-8356\" src=\"http:\/\/www.conselharan.org\/wp-content\/uploads\/2015\/09\/LEI-DARAN_SINDIC.jpg\" alt=\"LEI D'ARAN_SINDIC\" width=\"599\" height=\"396\" srcset=\"https:\/\/www.conselharan.org\/wp-content\/uploads\/2015\/09\/LEI-DARAN_SINDIC.jpg 599w, https:\/\/www.conselharan.org\/wp-content\/uploads\/2015\/09\/LEI-DARAN_SINDIC-300x198.jpg 300w\" sizes=\"(max-width: 599px) 100vw, 599px\" \/><\/a> <em>Foto d&#8217;archiu deth moment en que s&#8217;aprov\u00e8c era Lei d&#8217;Aran eth passat mes de hereu\u00e8r en Parlament de Catalonha. \u00a0<\/em><\/p>\n<p>&nbsp;<\/p>\n<p>Eth sindic d\u2019Aran,<strong> Carlos Barrera<\/strong>, eth vicesindic d\u2019Aran, <strong>Luis Carlos Medina<\/strong> e er assessor deth Departament de Governacion en ah\u00e8rs dera Val d\u2019Aran, <strong>\u00c1lex Moga<\/strong>, an intervengut au\u00e9 ena amassada dera Comission d\u2019Ah\u00e8rs Normatius Bilateraus: Gov\u00e8rn dera Generalitat de Catalonha- Administracion Generau der Estat a on s\u2019a iniciat ua negociacion sus es articles dera Lei 1-2015 deth Regim Especiau d&#8217;Aran: 5, 8, 48, 53, era disposicion addicionau 1a, era disposicion addicionau 2aua e era disposicion finau 5aua.<\/p>\n<p>En aguesta re\u00fcnion s\u2019a defenut dauant dera Administracion Generau der Estat amassa damb es Servicis Juridics dera Generalitat es inter\u00e8ssi deth p\u00f2ble aran\u00e9s en tant era possibla interposicion deth recurs d\u2019inconstitucionalitat des articles nomentadi.<\/p>\n<p>Ena re\u00fcnion tanben s\u2019a concretat un escambi de redactat e prepauses en tot sajar d\u2019arribar a un punt d\u2019enguarda comun, en tot def\u00e9ner er esperit dera Lei aprovada en Parlament de Catalonha eth passat mes de hereu\u00e8r.<\/p>\n<p>Enes pr\u00f2pl\u00e8us setmanes arribaran es prepauses.<\/p>\n ","protected":false},"excerpt":{"rendered":"<p>Foto d&#8217;archiu deth moment en que s&#8217;aprov\u00e8c era Lei d&#8217;Aran eth passat mes de hereu\u00e8r en Parlament de Catalonha. \u00a0 &nbsp; Eth sindic d\u2019Aran, Carlos Barrera, eth vicesindic d\u2019Aran, Luis Carlos Medina e er assessor deth Departament de Governacion en ah\u00e8rs dera Val d\u2019Aran, \u00c1lex Moga, an intervengut au\u00e9 ena amassada dera Comission d\u2019Ah\u00e8rs Normatius&#8230;<\/p>\n","protected":false},"author":2,"featured_media":0,"comment_status":"closed","ping_status":"closed","sticky":false,"template":"","format":"standard","meta":{"footnotes":""},"categories":[30,52,34,37],"tags":[],"_links":{"self":[{"href":"https:\/\/www.conselharan.org\/es\/wp-json\/wp\/v2\/posts\/8358"}],"collection":[{"href":"https:\/\/www.conselharan.org\/es\/wp-json\/wp\/v2\/posts"}],"about":[{"href":"https:\/\/www.conselharan.org\/es\/wp-json\/wp\/v2\/types\/post"}],"author":[{"embeddable":true,"href":"https:\/\/www.conselharan.org\/es\/wp-json\/wp\/v2\/users\/2"}],"replies":[{"embeddable":true,"href":"https:\/\/www.conselharan.org\/es\/wp-json\/wp\/v2\/comments?post=8358"}],"version-history":[{"count":0,"href":"https:\/\/www.conselharan.org\/es\/wp-json\/wp\/v2\/posts\/8358\/revisions"}],"wp:attachment":[{"href":"https:\/\/www.conselharan.org\/es\/wp-json\/wp\/v2\/media?parent=8358"}],"wp:term":[{"taxonomy":"category","embeddable":true,"href":"https:\/\/www.conselharan.org\/es\/wp-json\/wp\/v2\/categories?post=8358"},{"taxonomy":"post_tag","embeddable":true,"href":"https:\/\/www.conselharan.org\/es\/wp-json\/wp\/v2\/tags?post=8358"}],"curies":[{"name":"wp","href":"https:\/\/api.w.org\/{rel}","templated":true}]}}