{"id":8800,"date":"2015-11-10T18:28:53","date_gmt":"2015-11-10T17:28:53","guid":{"rendered":"http:\/\/www.conselharan.org\/es\/reunion-de-coordinacion-de-viabilitat-dera-c-28-pendent-er-iuern\/"},"modified":"2015-11-10T18:28:53","modified_gmt":"2015-11-10T17:28:53","slug":"reunion-de-coordinacion-de-viabilitat-dera-c-28-pendent-er-iuern","status":"publish","type":"post","link":"https:\/\/www.conselharan.org\/es\/reunion-de-coordinacion-de-viabilitat-dera-c-28-pendent-er-iuern\/","title":{"rendered":"Re\u00fcnion de coordinacion de viabilitat dera C-28 pendent er iu\u00e8rn"},"content":{"rendered":"<p>\u2022<strong> Aguesta comission se realize cada an abans dera sason d\u2019iu\u00e8rn ent\u00e0 per&#8217;mor de coordinar es accions ena C-28.<\/strong><\/p>\n<p><a href=\"http:\/\/www.conselharan.org\/wp-content\/uploads\/2015\/11\/C-28.jpg\"><img loading=\"lazy\" decoding=\"async\" class=\"aligncenter size-large wp-image-8798\" src=\"http:\/\/www.conselharan.org\/wp-content\/uploads\/2015\/11\/C-28-1024x588.jpg\" alt=\"C-28\" width=\"1024\" height=\"588\" srcset=\"https:\/\/www.conselharan.org\/wp-content\/uploads\/2015\/11\/C-28-1024x588.jpg 1024w, https:\/\/www.conselharan.org\/wp-content\/uploads\/2015\/11\/C-28-300x172.jpg 300w, https:\/\/www.conselharan.org\/wp-content\/uploads\/2015\/11\/C-28-305x175.jpg 305w\" sizes=\"(max-width: 1024px) 100vw, 1024px\" \/><\/a><\/p>\n<p>&nbsp;<\/p>\n<p>Au\u00e9 dimars, dia 10 de noveme, s\u2019a celebrat en Conselh Generau d\u2019Aran era comission de viabilitat dera C-28 presidida peth sindic d\u2019Aran<strong>, Carlos Barrera<\/strong>, e a on an assistit era conselh\u00e8ra de Torisme e Desvolopament Economic d\u2019Aran, <strong>Anna D\u00edaz<\/strong>, eth director de Montanha de Baqueira Beret, <strong>Jordi Cardona<\/strong>, eth delegat territoriau dera Direccion Generau d\u2019Infraestructures e Mobilitat Terrestre (DGIMT), <strong>Jordi Benet<\/strong>, eth baile de Naut Aran, <strong>C\u00e9sar Ruiz-Canela<\/strong>, eth baile de Vielha e Mijaran,<strong> Juan A. Serrano,<\/strong> atau coma representants des c\u00f2ssi de seguretat e emerg\u00e9ncia des <strong>Mossos d&#8217;Esquadra, Pompi\u00e8rs d&#8217;Aran<\/strong> e deth <strong>Centre de Lauegi dera Val d\u2019Aran<\/strong>.<\/p>\n<p>Aguesta comission se realize cada an abans dera sason d\u2019iu\u00e8rn ent\u00e0 per&#8217;mor de coordinar es accions ena C-28.<\/p>\n<p>Eth Gov\u00e8rn aran\u00e9s a demanat ara DGIMT priorizar segons es besonhs es \u00f2bres previstes en dues fasas per part deth Departament de Territ\u00f2ri e Sostenibilitat dera Generalitat de Catalonha. Era prum\u00e8ra fasa consist\u00eds ena constuccion de proteccions e viseres en tram entre Baqueira e era corba de Tonh\u00f2n ara fin de melhorar era comunicacion dera Val d\u2019Aran damb eth Pallars, via P\u00f2rt dera Bonaigua, e demp\u00fas contunhar damb era dusau fasa prevista qu\u2019a coma obj\u00e8cte refortilhar era seguretat d\u2019acc\u00e8s a Beret (corba de Maria Caster\u00e0s) e pera banda deth Pallars enquiath P\u00f2rt dera Bonaigua, a\u00e7\u00f2 permeter\u00e0 ua major garantia ar acc\u00e8s ara Pe\u00fclla e ath Cap deth P\u00f2rt peth Pallars.<\/p>\n<p>Aguestes inversions aur\u00e0n un c\u00f2st d\u2019apupr\u00e8tz <strong>quate milions d\u2019\u00e8uro<\/strong>s e se desvolopar\u00e0n ena primauera\/ostiu deth 2016 segons a informat eth delegat territoriau dera Direccion Generau d\u2019Infraestructures e Mobilitat Terrestre (DGIMT), <strong>Jordi Benet<\/strong>.<\/p>\n<p>Tanben s\u2019a arribat ar ac\u00f2rd d\u2019installar ua webcam ena corva de Maria Caster\u00e0s ent\u00e0 ent\u00e0 per&#8217;mor de melhorar era prediccion de lauegi e era viabilitat dera carret\u00e8ra C-28 ath s\u00f2n pas pera Pleta de Baqueira, e se mantier\u00e0 era webcam en Pro\u00e8ro ent\u00e0 auer donades precises e periodiques dera distribucion dera nh\u00e8u e era activitat de lauegi en sector deth P\u00f2rt dera Bonaigua e poder melhorar era viabilitat dera carret\u00e8ra C-28.<\/p>\n<p>Aguestes webcams s\u00f3n estacions leug\u00e8res alimentades per bateries e pan\u00e8us solars qu&#8217;envien fotografies panoramiques cada 30 menutes e permet as tecnicians deth Conselh Generau deth Centre de Lauegi dera Val d\u2019Aran auer donades precises e periodiques dera distribucion dera nh\u00e8u e era activitat de lauegi en un sector.<\/p>\n<p>Aguesta tecnologia, que dej\u00e0 s\u2019implant\u00e8c era passada sason d\u2019iu\u00e8rn damb ua webcam en Pro\u00e8ro, a estat desvolopada pera empresa d\u2019engenharia aranesa <strong>Arantec- Smarty Planet<\/strong> e h\u00e8 part dera sua ampla gamma d\u2019estacions remotes aplicades a diu\u00e8rsi encastres de monitorizacion deth miei fisic.<\/p>\n<p>Ath del\u00e0, eth Centre de Lauegi dera Val d\u2019Aran deth Conselh Generau d\u2019Aran desvolopar\u00e0 un an m\u00e8s eth sist\u00e8ma de desencadenament preventiu de lauegi a trau\u00e8rs der aparelh <strong>Daisy Bell,<\/strong> que prov\u00f2que explosions controtlades ent\u00e0 descargar exc\u00e8s de nh\u00e8u en z\u00f2nes damb risc de lauegi. Eth mecanisme s\u2019aplique en P\u00f2rt dera Bonaigua (2.072 m\u00e8tres) ent\u00e0 facilitar era dubertura dera carret\u00e8ra C-28 e ena carret\u00e8ra d\u2019acc\u00e8s entath Plan de Beret (C\u2013142b).<\/p>\n<p>Eth responsable deth Centre, <strong>Jordi Gavald\u00e0<\/strong>, assegure qu\u2019eth sist\u00e8ma <strong>\u201cse desvolope damb \u00e8xit\u201d<\/strong> e explique qu\u2019eth Daisy Bell se transp\u00f2rte en elicopt\u00e8r e un viatge pla\u00e7at apr\u00f2p dera superf\u00edcia dera nh\u00e8u prov\u00f2que ua explosion d\u2019idrog\u00e8n e oxig\u00e8n en tot provocar un laueg. Atau, se previen es lauegi de montanha ena via de comunicacion damb eth Pallars e ene carret\u00e8ra d\u2019acc\u00e8s a Beret.<\/p>\n<p>Era Val d\u2019Aran ei un des territ\u00f2ris pion\u00e8rs der Estat ena utilizacion d\u2019aguest mecanisme, qu\u2019a permetut daurir era C-28 \u201c<strong>damb m\u00e8s assiduitat e, sustot, damb m\u00e8s seguretat\u201d,<\/strong> segontes <strong>Gavald\u00e0<\/strong>. Damb aguesta mesura, se sage de mantier es carret\u00e8res dub\u00e8rtes eth maximon de temps possible pendent er iu\u00e8rn, atau coma garantir-ne era seguretat des s\u00f2ns usatg\u00e8rs.<\/p>\n<p>Aguest sist\u00e8ma s\u2019aplique per miei d\u2019un ac\u00f2rd de collaboracion entre eth Conselh Generau e eth Departament de Territ\u00f2ri e Sostenibilitat dera Generalitat ent\u00e0 facilitar era dubertura l\u00e8u immediata des vies afectades demp\u00fas des nheuades.<\/p>\n<p>Eth sindic d\u2019Aran, <strong>Carlos Barrera<\/strong>, a manifestat <strong>\u201cera equipa de Gov\u00e8rn deth Conselh Generau d\u2019Aran segu\u00eds trabalhant damb er objectiu de garantir ath maximal era prevencion e deteccion de risqui naturaus deth territ\u00f2ri aran\u00e9s. Aguesta informacion fonamentau ent\u00e0 accions de prevencion e al\u00e8rta deuant es risqui a estat enfortida damb era incorporacion d\u2019un tecnician de Proteccion Civiu arra\u00eftz des traspassi artenhudes peth Conselh Generau d\u2019Aran ena Comission Bilaterau Generalitat de Catalonha- Conselh Generau d\u2019Aran\u201d.<\/strong><\/p>\n<p><strong>Barrera<\/strong> a hijut \u201c<strong>aguest tipe d\u2019accions s\u00f3n imprescindibles ent\u00e0 garantir era seguretat enes n\u00f2stes carret\u00e8res pendent er iu\u00e8rn\u201d.<\/strong><\/p>\n ","protected":false},"excerpt":{"rendered":"<p>\u2022 Aguesta comission se realize cada an abans dera sason d\u2019iu\u00e8rn ent\u00e0 per&#8217;mor de coordinar es accions ena C-28. &nbsp; Au\u00e9 dimars, dia 10 de noveme, s\u2019a celebrat en Conselh Generau d\u2019Aran era comission de viabilitat dera C-28 presidida peth sindic d\u2019Aran, Carlos Barrera, e a on an assistit era conselh\u00e8ra de Torisme e Desvolopament&#8230;<\/p>\n","protected":false},"author":2,"featured_media":0,"comment_status":"closed","ping_status":"closed","sticky":false,"template":"","format":"standard","meta":{"footnotes":""},"categories":[30,52,34,37],"tags":[],"_links":{"self":[{"href":"https:\/\/www.conselharan.org\/es\/wp-json\/wp\/v2\/posts\/8800"}],"collection":[{"href":"https:\/\/www.conselharan.org\/es\/wp-json\/wp\/v2\/posts"}],"about":[{"href":"https:\/\/www.conselharan.org\/es\/wp-json\/wp\/v2\/types\/post"}],"author":[{"embeddable":true,"href":"https:\/\/www.conselharan.org\/es\/wp-json\/wp\/v2\/users\/2"}],"replies":[{"embeddable":true,"href":"https:\/\/www.conselharan.org\/es\/wp-json\/wp\/v2\/comments?post=8800"}],"version-history":[{"count":0,"href":"https:\/\/www.conselharan.org\/es\/wp-json\/wp\/v2\/posts\/8800\/revisions"}],"wp:attachment":[{"href":"https:\/\/www.conselharan.org\/es\/wp-json\/wp\/v2\/media?parent=8800"}],"wp:term":[{"taxonomy":"category","embeddable":true,"href":"https:\/\/www.conselharan.org\/es\/wp-json\/wp\/v2\/categories?post=8800"},{"taxonomy":"post_tag","embeddable":true,"href":"https:\/\/www.conselharan.org\/es\/wp-json\/wp\/v2\/tags?post=8800"}],"curies":[{"name":"wp","href":"https:\/\/api.w.org\/{rel}","templated":true}]}}