{"id":8833,"date":"2015-11-13T14:26:55","date_gmt":"2015-11-13T13:26:55","guid":{"rendered":"http:\/\/www.conselharan.org\/es\/?p=8833"},"modified":"2015-11-13T14:26:55","modified_gmt":"2015-11-13T13:26:55","slug":"el-conselh-generau-daran-renueva-el-convenio-con-el-ayuntamiento-de-vielha-e-mijaran-para-la-financiacion-de-la-biblioteca-general","status":"publish","type":"post","link":"https:\/\/www.conselharan.org\/es\/el-conselh-generau-daran-renueva-el-convenio-con-el-ayuntamiento-de-vielha-e-mijaran-para-la-financiacion-de-la-biblioteca-general\/","title":{"rendered":"El Conselh Generau d\u2019Aran renueva el convenio con el Ayuntamiento de Vielha e Mijaran para la financiaci\u00f3n de la Biblioteca General"},"content":{"rendered":"<p><a href=\"http:\/\/www.conselharan.org\/wp-content\/uploads\/2015\/11\/BIBLIOTECA.jpg\"><img loading=\"lazy\" decoding=\"async\" class=\"aligncenter size-full wp-image-8828\" src=\"http:\/\/www.conselharan.org\/wp-content\/uploads\/2015\/11\/BIBLIOTECA.jpg\" alt=\"BIBLIOTECA\" width=\"500\" height=\"348\" srcset=\"https:\/\/www.conselharan.org\/wp-content\/uploads\/2015\/11\/BIBLIOTECA.jpg 500w, https:\/\/www.conselharan.org\/wp-content\/uploads\/2015\/11\/BIBLIOTECA-300x209.jpg 300w\" sizes=\"(max-width: 500px) 100vw, 500px\" \/><\/a><\/p>\n<p>&nbsp;<\/p>\n<p>El Conselh Generau d\u2019Aran ha renovado el convenio de colaboraci\u00f3n entre el Gov\u00e8rn de Aran y el Ayuntamiento de Vielha e Mijaran para la financiaci\u00f3n de la gesti\u00f3n y del mantenimiento de la Biblioteca General con un importe de <strong>24.000,00\u20ac\/anuales.<\/strong><\/p>\n<p>Este nuevo convenio alarga su duraci\u00f3n hasta el 31 de diciembre de 2019, y tiene que permitir continuar manteniendo las est\u00e1ndares de calidad de este equipamiento cultural del pa\u00eds y mantiene la Comisi\u00f3n de Funcionamiento de la Biblioteca General como \u00f3rgano que debe seguir y valorar el funcionamiento de este convenio.<\/p>\n<p><a href=\"http:\/\/www.conselharan.org\/wp-content\/uploads\/2015\/11\/BIBLIOTECA2.jpg\"><img loading=\"lazy\" decoding=\"async\" class=\"aligncenter size-full wp-image-8829\" src=\"http:\/\/www.conselharan.org\/wp-content\/uploads\/2015\/11\/BIBLIOTECA2.jpg\" alt=\"BIBLIOTECA2\" width=\"500\" height=\"348\" srcset=\"https:\/\/www.conselharan.org\/wp-content\/uploads\/2015\/11\/BIBLIOTECA2.jpg 500w, https:\/\/www.conselharan.org\/wp-content\/uploads\/2015\/11\/BIBLIOTECA2-300x209.jpg 300w\" sizes=\"(max-width: 500px) 100vw, 500px\" \/><\/a><\/p>\n<p>&nbsp;<\/p>\n<p>En palabras del sindic de Aran,<strong> Carlos Barrera, \u201cdurante todos estos a\u00f1os de fuerte crisis hemos mantenido la cantidad para financiar la Biblioteca, patentizando nuestro compromiso con la cultura y los j\u00f3venes\u201d.<\/strong><\/p>\n<p><strong>\u201cLa voluntad del Gov\u00e8rn de Aran de renovar el convenio se enmarca la l\u00ednea de colaboraci\u00f3n, siempre que sea viable econ\u00f3micamente, con los ayuntamientos del pa\u00eds, en beneficio de las personas\u201d<\/strong> ha se\u00f1alado <strong>Barrera.<\/strong><\/p>\n ","protected":false},"excerpt":{"rendered":"<p>&nbsp; El Conselh Generau d\u2019Aran ha renovado el convenio de colaboraci\u00f3n entre el Gov\u00e8rn de Aran y el Ayuntamiento de Vielha e Mijaran para la financiaci\u00f3n de la gesti\u00f3n y del mantenimiento de la Biblioteca General con un importe de 24.000,00\u20ac\/anuales. Este nuevo convenio alarga su duraci\u00f3n hasta el 31 de diciembre de 2019, y&#8230;<\/p>\n","protected":false},"author":2,"featured_media":8828,"comment_status":"closed","ping_status":"closed","sticky":false,"template":"","format":"standard","meta":{"footnotes":""},"categories":[30,52,34,37],"tags":[],"_links":{"self":[{"href":"https:\/\/www.conselharan.org\/es\/wp-json\/wp\/v2\/posts\/8833"}],"collection":[{"href":"https:\/\/www.conselharan.org\/es\/wp-json\/wp\/v2\/posts"}],"about":[{"href":"https:\/\/www.conselharan.org\/es\/wp-json\/wp\/v2\/types\/post"}],"author":[{"embeddable":true,"href":"https:\/\/www.conselharan.org\/es\/wp-json\/wp\/v2\/users\/2"}],"replies":[{"embeddable":true,"href":"https:\/\/www.conselharan.org\/es\/wp-json\/wp\/v2\/comments?post=8833"}],"version-history":[{"count":1,"href":"https:\/\/www.conselharan.org\/es\/wp-json\/wp\/v2\/posts\/8833\/revisions"}],"predecessor-version":[{"id":8834,"href":"https:\/\/www.conselharan.org\/es\/wp-json\/wp\/v2\/posts\/8833\/revisions\/8834"}],"wp:featuredmedia":[{"embeddable":true,"href":"https:\/\/www.conselharan.org\/es\/wp-json\/wp\/v2\/media\/8828"}],"wp:attachment":[{"href":"https:\/\/www.conselharan.org\/es\/wp-json\/wp\/v2\/media?parent=8833"}],"wp:term":[{"taxonomy":"category","embeddable":true,"href":"https:\/\/www.conselharan.org\/es\/wp-json\/wp\/v2\/categories?post=8833"},{"taxonomy":"post_tag","embeddable":true,"href":"https:\/\/www.conselharan.org\/es\/wp-json\/wp\/v2\/tags?post=8833"}],"curies":[{"name":"wp","href":"https:\/\/api.w.org\/{rel}","templated":true}]}}