{"id":8904,"date":"2015-11-19T15:28:48","date_gmt":"2015-11-19T14:28:48","guid":{"rendered":"http:\/\/www.conselharan.org\/es\/?p=8904"},"modified":"2015-11-19T15:30:53","modified_gmt":"2015-11-19T14:30:53","slug":"el-conselh-generau-daran-y-la-acna-firman-un-convenio-para-la-difusion-del-conocimiento-de-la-nieve-y-los-aludes","status":"publish","type":"post","link":"https:\/\/www.conselharan.org\/es\/el-conselh-generau-daran-y-la-acna-firman-un-convenio-para-la-difusion-del-conocimiento-de-la-nieve-y-los-aludes\/","title":{"rendered":"El Conselh Generau d\u2019Aran y la ACNA firman un convenio para la difusi\u00f3n del conocimiento de la nieve y los aludes"},"content":{"rendered":"<p><a href=\"http:\/\/www.conselharan.org\/wp-content\/uploads\/2015\/11\/DSC_0006.jpg\"><img loading=\"lazy\" decoding=\"async\" class=\"aligncenter size-large wp-image-8900\" src=\"http:\/\/www.conselharan.org\/wp-content\/uploads\/2015\/11\/DSC_0006-1024x967.jpg\" alt=\"DSC_0006\" width=\"1024\" height=\"967\" srcset=\"https:\/\/www.conselharan.org\/wp-content\/uploads\/2015\/11\/DSC_0006-1024x967.jpg 1024w, https:\/\/www.conselharan.org\/wp-content\/uploads\/2015\/11\/DSC_0006-300x283.jpg 300w\" sizes=\"(max-width: 1024px) 100vw, 1024px\" \/><\/a><\/p>\n<p><em>La directora de la ETEVA, N\u00faria Perramon, y el representante de la ACNA, Jordi Gavald\u00e0.<\/em><\/p>\n<p>&nbsp;<\/p>\n<p>El Conselh Generau d\u2019Aran, a trav\u00e9s de la Escuela de Formaci\u00f3n de T\u00e9cnicos Deportivos de la Val d\u2019Aran (ETEVA), ha firmado un convenio con la ACNA (Asociaci\u00f3n para el conocimiento de la nieve y los aludes) para promover una formaci\u00f3n actualizada y cuidadosa en materia de nieve y aludes.<\/p>\n<p>Dentro de la formaci\u00f3n de la ETEVA de t\u00e9cnico deportivo de segundo nivel, en la especialidad de deportes de invierno y de monta\u00f1a y escalada, se impartir\u00e1n los contenidos adecuados para que los alumnos obtengan el reconocimiento del STA1 de la ACNA.<\/p>\n<p>Aparte de la formaci\u00f3n que recibir\u00e1n los alumnos matriculados en la formaci\u00f3n de t\u00e9cnico deportivo, la ETEVA convocar\u00e1 anualmente como m\u00ednimo un curso abierto a la poblaci\u00f3n en general de \u201cSeguridad en terreno de aludes\u201d (STA 1).<\/p>\n ","protected":false},"excerpt":{"rendered":"<p>La directora de la ETEVA, N\u00faria Perramon, y el representante de la ACNA, Jordi Gavald\u00e0. &nbsp; El Conselh Generau d\u2019Aran, a trav\u00e9s de la Escuela de Formaci\u00f3n de T\u00e9cnicos Deportivos de la Val d\u2019Aran (ETEVA), ha firmado un convenio con la ACNA (Asociaci\u00f3n para el conocimiento de la nieve y los aludes) para promover una&#8230;<\/p>\n","protected":false},"author":2,"featured_media":8900,"comment_status":"closed","ping_status":"closed","sticky":false,"template":"","format":"standard","meta":{"footnotes":""},"categories":[30,34,37],"tags":[],"_links":{"self":[{"href":"https:\/\/www.conselharan.org\/es\/wp-json\/wp\/v2\/posts\/8904"}],"collection":[{"href":"https:\/\/www.conselharan.org\/es\/wp-json\/wp\/v2\/posts"}],"about":[{"href":"https:\/\/www.conselharan.org\/es\/wp-json\/wp\/v2\/types\/post"}],"author":[{"embeddable":true,"href":"https:\/\/www.conselharan.org\/es\/wp-json\/wp\/v2\/users\/2"}],"replies":[{"embeddable":true,"href":"https:\/\/www.conselharan.org\/es\/wp-json\/wp\/v2\/comments?post=8904"}],"version-history":[{"count":1,"href":"https:\/\/www.conselharan.org\/es\/wp-json\/wp\/v2\/posts\/8904\/revisions"}],"predecessor-version":[{"id":8905,"href":"https:\/\/www.conselharan.org\/es\/wp-json\/wp\/v2\/posts\/8904\/revisions\/8905"}],"wp:featuredmedia":[{"embeddable":true,"href":"https:\/\/www.conselharan.org\/es\/wp-json\/wp\/v2\/media\/8900"}],"wp:attachment":[{"href":"https:\/\/www.conselharan.org\/es\/wp-json\/wp\/v2\/media?parent=8904"}],"wp:term":[{"taxonomy":"category","embeddable":true,"href":"https:\/\/www.conselharan.org\/es\/wp-json\/wp\/v2\/categories?post=8904"},{"taxonomy":"post_tag","embeddable":true,"href":"https:\/\/www.conselharan.org\/es\/wp-json\/wp\/v2\/tags?post=8904"}],"curies":[{"name":"wp","href":"https:\/\/api.w.org\/{rel}","templated":true}]}}