{"id":9065,"date":"2015-11-26T15:50:06","date_gmt":"2015-11-26T14:50:06","guid":{"rendered":"http:\/\/www.conselharan.org\/es\/?p=9065"},"modified":"2015-11-26T15:50:06","modified_gmt":"2015-11-26T14:50:06","slug":"el-aranes-ton-consul-vivar-3o-en-el-open-de-andorra","status":"publish","type":"post","link":"https:\/\/www.conselharan.org\/es\/el-aranes-ton-consul-vivar-3o-en-el-open-de-andorra\/","title":{"rendered":"El aran\u00e9s, T\u00f2n C\u00f3nsul Vivar, 3\u00ba en el Open de Andorra"},"content":{"rendered":"<p><strong>\u2022 Del 18 al 22 de noviembre se celebr\u00f3 el Open de Andorra ISU de patinaje art\u00edstico sobre hielo en Canillo, competici\u00f3n internacional donde el joven aran\u00e9s, T\u00f2n C\u00f3nsul, acab\u00f3 3\u00ba.<\/strong><\/p>\n<p><a href=\"http:\/\/www.conselharan.org\/wp-content\/uploads\/2015\/11\/OpenAndorra-G2-106.jpg\"><img loading=\"lazy\" decoding=\"async\" class=\"aligncenter size-large wp-image-9060\" src=\"http:\/\/www.conselharan.org\/wp-content\/uploads\/2015\/11\/OpenAndorra-G2-106-1024x683.jpg\" alt=\"OpenAndorra-G2-106\" width=\"1024\" height=\"683\" srcset=\"https:\/\/www.conselharan.org\/wp-content\/uploads\/2015\/11\/OpenAndorra-G2-106-1024x683.jpg 1024w, https:\/\/www.conselharan.org\/wp-content\/uploads\/2015\/11\/OpenAndorra-G2-106-300x200.jpg 300w\" sizes=\"(max-width: 1024px) 100vw, 1024px\" \/><\/a><\/p>\n<p>&nbsp;<\/p>\n<p>El aran\u00e9s, <strong>T\u00f2n C\u00f3nsul,<\/strong> de la secci\u00f3n de patinaje art\u00edstico sobre hielo del FC Barcelona acab\u00f3 3\u00ba del Open Andorra en categor\u00eda J\u00fanior.<\/p>\n<p>T\u00f2n complet\u00f3 de forma excelente el doble axel + triple toe, a pesar de que acumul\u00f3 un par de globos y un problema en la pirueta baja cambiada, ejecut\u00f3 dos triple salchow, un triple bucle y otro doble axel, como instantes m\u00e1s destacados. Tanto las piruetas como los pasos fueron de nivel 3. Recibi\u00f3 una nota de 99,29 por un total de 156.91, acabando tercero.<\/p>\n<p><a href=\"http:\/\/www.conselharan.org\/wp-content\/uploads\/2015\/11\/OpenAndorra-s.jpg\"><img loading=\"lazy\" decoding=\"async\" class=\"aligncenter size-large wp-image-9061\" src=\"http:\/\/www.conselharan.org\/wp-content\/uploads\/2015\/11\/OpenAndorra-s-683x1024.jpg\" alt=\"OpenAndorra-s\" width=\"683\" height=\"1024\" srcset=\"https:\/\/www.conselharan.org\/wp-content\/uploads\/2015\/11\/OpenAndorra-s-683x1024.jpg 683w, https:\/\/www.conselharan.org\/wp-content\/uploads\/2015\/11\/OpenAndorra-s-200x300.jpg 200w\" sizes=\"(max-width: 683px) 100vw, 683px\" \/><\/a><\/p>\n<p>&nbsp;<\/p>\n<p>En esta competici\u00f3n, <strong>T\u00f2n mejor\u00f3 su marca.<\/strong><\/p>\n<p>T\u00f2n, firm\u00f3 un convenio con el <strong>Conselh Generau d\u2019Aran<\/strong> y<strong> Foment Torisme Val d\u2019Aran<\/strong> para promocionar la destinaci\u00f3n tur\u00edstica deportiva Val d\u2019Aran por el mundo, representada en la imagen y en los valores del joven patinador, y del equipo del que forma parte, mediante el patrocinio institucional.<\/p>\n ","protected":false},"excerpt":{"rendered":"<p>\u2022 Del 18 al 22 de noviembre se celebr\u00f3 el Open de Andorra ISU de patinaje art\u00edstico sobre hielo en Canillo, competici\u00f3n internacional donde el joven aran\u00e9s, T\u00f2n C\u00f3nsul, acab\u00f3 3\u00ba. &nbsp; El aran\u00e9s, T\u00f2n C\u00f3nsul, de la secci\u00f3n de patinaje art\u00edstico sobre hielo del FC Barcelona acab\u00f3 3\u00ba del Open Andorra en categor\u00eda J\u00fanior&#8230;.<\/p>\n","protected":false},"author":2,"featured_media":9060,"comment_status":"closed","ping_status":"closed","sticky":false,"template":"","format":"standard","meta":{"footnotes":""},"categories":[30,34,37],"tags":[],"_links":{"self":[{"href":"https:\/\/www.conselharan.org\/es\/wp-json\/wp\/v2\/posts\/9065"}],"collection":[{"href":"https:\/\/www.conselharan.org\/es\/wp-json\/wp\/v2\/posts"}],"about":[{"href":"https:\/\/www.conselharan.org\/es\/wp-json\/wp\/v2\/types\/post"}],"author":[{"embeddable":true,"href":"https:\/\/www.conselharan.org\/es\/wp-json\/wp\/v2\/users\/2"}],"replies":[{"embeddable":true,"href":"https:\/\/www.conselharan.org\/es\/wp-json\/wp\/v2\/comments?post=9065"}],"version-history":[{"count":1,"href":"https:\/\/www.conselharan.org\/es\/wp-json\/wp\/v2\/posts\/9065\/revisions"}],"predecessor-version":[{"id":9066,"href":"https:\/\/www.conselharan.org\/es\/wp-json\/wp\/v2\/posts\/9065\/revisions\/9066"}],"wp:featuredmedia":[{"embeddable":true,"href":"https:\/\/www.conselharan.org\/es\/wp-json\/wp\/v2\/media\/9060"}],"wp:attachment":[{"href":"https:\/\/www.conselharan.org\/es\/wp-json\/wp\/v2\/media?parent=9065"}],"wp:term":[{"taxonomy":"category","embeddable":true,"href":"https:\/\/www.conselharan.org\/es\/wp-json\/wp\/v2\/categories?post=9065"},{"taxonomy":"post_tag","embeddable":true,"href":"https:\/\/www.conselharan.org\/es\/wp-json\/wp\/v2\/tags?post=9065"}],"curies":[{"name":"wp","href":"https:\/\/api.w.org\/{rel}","templated":true}]}}