{"id":9618,"date":"2016-01-02T11:19:55","date_gmt":"2016-01-02T10:19:55","guid":{"rendered":"http:\/\/www.conselharan.org\/es\/?p=9618"},"modified":"2016-01-02T11:19:55","modified_gmt":"2016-01-02T10:19:55","slug":"el-govern-daran-aprueba-los-pagos-de-subvenciones-del-cga-a-diferentes-asociaciones-aranesas","status":"publish","type":"post","link":"https:\/\/www.conselharan.org\/es\/el-govern-daran-aprueba-los-pagos-de-subvenciones-del-cga-a-diferentes-asociaciones-aranesas\/","title":{"rendered":"El Gov\u00e8rn d\u2019Aran aprueba los pagos de subvenciones del CGA a diferentes asociaciones aranesas"},"content":{"rendered":"<p>El <strong>Gov\u00e8rn d\u2019Aran<\/strong> en la \u00faltima reuni\u00f3n del a\u00f1o 2015 ha aprobado el pago de subvenciones otorgadas a trav\u00e9s de los diferentes convenios de colaboraci\u00f3n entre el <strong>Conselh Generau d\u2019Aran<\/strong> y las diferentes <strong>asociaciones aranesas de car\u00e1cter social, cultural, deportivo y ganadero<\/strong>, que han acreditado correctamente poder recibir este tipo de ayudas econ\u00f3micas.<\/p>\n<div id=\"attachment_9613\" style=\"width: 1034px\" class=\"wp-caption aligncenter\"><a href=\"http:\/\/www.conselharan.org\/wp-content\/uploads\/2016\/01\/volentaris_fceh-1024x678.jpg\"><img loading=\"lazy\" decoding=\"async\" aria-describedby=\"caption-attachment-9613\" class=\"size-large wp-image-9613\" src=\"http:\/\/www.conselharan.org\/wp-content\/uploads\/2016\/01\/volentaris_fceh-1024x678-1024x678.jpg\" alt=\"Volentaris d'Aran\" width=\"1024\" height=\"678\" srcset=\"https:\/\/www.conselharan.org\/wp-content\/uploads\/2016\/01\/volentaris_fceh-1024x678.jpg 1024w, https:\/\/www.conselharan.org\/wp-content\/uploads\/2016\/01\/volentaris_fceh-1024x678-300x199.jpg 300w\" sizes=\"(max-width: 1024px) 100vw, 1024px\" \/><\/a><p id=\"caption-attachment-9613\" class=\"wp-caption-text\">era Associacion Volentaris Val d\u2019Aran arrecuelhec eth IIIau Pr\u00e8mi Collaborador e Esp\u00f2rt Pitu Figueras 2015, en reconeishen\u00e7a as valors der esp\u00f2rt<\/p><\/div>\n<p>As\u00ed entre otros el Gov\u00e8rn d\u2019Aran ha concedido una subvenci\u00f3n de <strong>8.000 \u20ac a C\u00e1ritas<\/strong> <strong>Valle de Aran<\/strong>, para contribuir a la tarea de ayuda a las personas y a las familias m\u00e1s desfavorecidas que lleva a cabo durante todo el a\u00f1o esta entidad.<\/p>\n<p>El Gov\u00e8rn d\u2019Aran tambi\u00e9n subvenciona a los <strong>clubes deportivos araneses<\/strong>, como CAEI y CEGVA entre otros, por el trabajo que desarrollan en el \u00e1mbito del deporte aran\u00e9s y en la formaci\u00f3n en valores a trav\u00e9s de los fundamentos del deporte de los deportistas. Tambi\u00e9n se han otorgado ayudas en el \u00e1mbito cultural, y en el del voluntariado como es el caso de la <strong>asociaci\u00f3n de Voluntarios de Aran.<\/strong><\/p>\n<p>En otro orden de cosas el Gov\u00e8rn d\u2019Aran ha incrementado las subvenciones que otorga a las diferentes asociaciones de ganaderos del Valle de Aran criadores de ganado ovino, vacuno y caballar, para contribuir al pago del gasto de atenci\u00f3n sanitaria veterinaria los animales. El Gobierno ha concedido subvenciones por un importe de <strong>15.000 \u20ac cada una de las asociaciones de ganaderos araneses<\/strong>.<\/p>\n<div id=\"attachment_9616\" style=\"width: 650px\" class=\"wp-caption aligncenter\"><a href=\"http:\/\/www.conselharan.org\/wp-content\/uploads\/2016\/01\/concurs-nacional-olot-cavall-pirinenc-catal\u00e0.jpg\"><img loading=\"lazy\" decoding=\"async\" aria-describedby=\"caption-attachment-9616\" class=\"size-full wp-image-9616\" src=\"http:\/\/www.conselharan.org\/wp-content\/uploads\/2016\/01\/concurs-nacional-olot-cavall-pirinenc-catal\u00e0.jpg\" alt=\"Representants dera Associacion de criadors deth shivau de ra\u00e7a \u201cCavall Pirenenc- Catal\u00e0\u201d dera Val d\u2019Aran\" width=\"640\" height=\"480\" srcset=\"https:\/\/www.conselharan.org\/wp-content\/uploads\/2016\/01\/concurs-nacional-olot-cavall-pirinenc-catal\u00e0.jpg 640w, https:\/\/www.conselharan.org\/wp-content\/uploads\/2016\/01\/concurs-nacional-olot-cavall-pirinenc-catal\u00e0-300x225.jpg 300w\" sizes=\"(max-width: 640px) 100vw, 640px\" \/><\/a><p id=\"caption-attachment-9616\" class=\"wp-caption-text\">Representants dera Associacion de criadors deth shivau de ra\u00e7a \u201cCavall Pirenenc- Catal\u00e0\u201d dera Val d\u2019Aran<\/p><\/div>\n ","protected":false},"excerpt":{"rendered":"<p>El Gov\u00e8rn d\u2019Aran en la \u00faltima reuni\u00f3n del a\u00f1o 2015 ha aprobado el pago de subvenciones otorgadas a trav\u00e9s de los diferentes convenios de colaboraci\u00f3n entre el Conselh Generau d\u2019Aran y las diferentes asociaciones aranesas de car\u00e1cter social, cultural, deportivo y ganadero, que han acreditado correctamente poder recibir este tipo de ayudas econ\u00f3micas. As\u00ed entre&#8230;<\/p>\n","protected":false},"author":2,"featured_media":9613,"comment_status":"closed","ping_status":"closed","sticky":false,"template":"","format":"standard","meta":{"footnotes":""},"categories":[37],"tags":[],"_links":{"self":[{"href":"https:\/\/www.conselharan.org\/es\/wp-json\/wp\/v2\/posts\/9618"}],"collection":[{"href":"https:\/\/www.conselharan.org\/es\/wp-json\/wp\/v2\/posts"}],"about":[{"href":"https:\/\/www.conselharan.org\/es\/wp-json\/wp\/v2\/types\/post"}],"author":[{"embeddable":true,"href":"https:\/\/www.conselharan.org\/es\/wp-json\/wp\/v2\/users\/2"}],"replies":[{"embeddable":true,"href":"https:\/\/www.conselharan.org\/es\/wp-json\/wp\/v2\/comments?post=9618"}],"version-history":[{"count":1,"href":"https:\/\/www.conselharan.org\/es\/wp-json\/wp\/v2\/posts\/9618\/revisions"}],"predecessor-version":[{"id":9619,"href":"https:\/\/www.conselharan.org\/es\/wp-json\/wp\/v2\/posts\/9618\/revisions\/9619"}],"wp:featuredmedia":[{"embeddable":true,"href":"https:\/\/www.conselharan.org\/es\/wp-json\/wp\/v2\/media\/9613"}],"wp:attachment":[{"href":"https:\/\/www.conselharan.org\/es\/wp-json\/wp\/v2\/media?parent=9618"}],"wp:term":[{"taxonomy":"category","embeddable":true,"href":"https:\/\/www.conselharan.org\/es\/wp-json\/wp\/v2\/categories?post=9618"},{"taxonomy":"post_tag","embeddable":true,"href":"https:\/\/www.conselharan.org\/es\/wp-json\/wp\/v2\/tags?post=9618"}],"curies":[{"name":"wp","href":"https:\/\/api.w.org\/{rel}","templated":true}]}}